{"id":14402,"date":"2026-08-31T09:00:00","date_gmt":"2026-08-31T07:00:00","guid":{"rendered":"https:\/\/geodora-parfums.com\/?p=14402"},"modified":"2026-08-21T12:54:23","modified_gmt":"2026-08-21T10:54:23","slug":"parfum-automne-2026-fragrance-rentree","status":"publish","type":"post","link":"https:\/\/geodora-parfums.com\/en\/parfum-automne-2026-fragrance-rentree\/","title":{"rendered":"Parfum d&#8217;automne 2026 : choisir sa fragrance de rentr\u00e9e"},"content":{"rendered":"\t\t<div data-elementor-type=\"wp-post\" data-elementor-id=\"14402\" class=\"elementor elementor-14402 elementor-bc-flex-widget\" data-elementor-post-type=\"post\">\n\t\t\t\t\t\t<section class=\"elementor-section elementor-top-section elementor-element elementor-element-b013e4d4 elementor-section-boxed elementor-section-height-default elementor-section-height-default\" data-id=\"b013e4d4\" data-element_type=\"section\" data-e-type=\"section\">\n\t\t\t\t\t\t<div class=\"elementor-container elementor-column-gap-default\">\n\t\t\t\t\t<div class=\"elementor-column elementor-col-100 elementor-top-column elementor-element elementor-element-de95d2b7\" data-id=\"de95d2b7\" data-element_type=\"column\" data-e-type=\"column\">\n\t\t\t<div class=\"elementor-widget-wrap elementor-element-populated\">\n\t\t\t\t\t\t<div class=\"elementor-element elementor-element-c943222f elementor-widget elementor-widget-text-editor\" data-id=\"c943222f\" data-element_type=\"widget\" data-e-type=\"widget\" data-widget_type=\"text-editor.default\">\n\t\t\t\t<div class=\"elementor-widget-container\">\n\t\t\t\t\t\t\t\t\t<p>La rentr\u00e9e a ceci de particulier qu&#8217;elle change tout sans pr\u00e9venir : la lumi\u00e8re, le rythme, les tissus que l&#8217;on porte, et plus discr\u00e8tement, la mani\u00e8re dont un parfum vit sur la peau. Choisir son <strong>parfum d&#8217;automne<\/strong>, ce n&#8217;est pas ranger l&#8217;\u00e9t\u00e9 au placard, c&#8217;est accorder sa signature olfactive \u00e0 une saison qui r\u00e9clame plus de profondeur, plus de mati\u00e8re, plus de chaleur. Voici notre guide pour r\u00e9ussir cette transition, avec les conseils de nos parfumeurs de Grasse.<\/p>\t\t\t\t\t\t\t\t<\/div>\n\t\t\t\t<\/div>\n\t\t\t\t<div class=\"elementor-element elementor-element-d9bf7f12 elementor-widget elementor-widget-image\" data-id=\"d9bf7f12\" data-element_type=\"widget\" data-e-type=\"widget\" data-widget_type=\"image.default\">\n\t\t\t\t<div class=\"elementor-widget-container\">\n\t\t\t\t\t\t\t\t\t\t\t\t\t\t\t<img fetchpriority=\"high\" decoding=\"async\" width=\"1024\" height=\"572\" src=\"https:\/\/geodora-parfums.com\/wp-content\/uploads\/2026\/08\/parfum-automne-2026-fragrance-rentree-1-1024x572.jpg\" class=\"attachment-large size-large wp-image-14396\" alt=\"Parfum d&apos;automne Cuir Flor\u00e8s GEODORA pos\u00e9 sur une veste en cuir\" srcset=\"https:\/\/geodora-parfums.com\/wp-content\/uploads\/2026\/08\/parfum-automne-2026-fragrance-rentree-1-1024x572.jpg 1024w, https:\/\/geodora-parfums.com\/wp-content\/uploads\/2026\/08\/parfum-automne-2026-fragrance-rentree-1-300x167.jpg 300w, https:\/\/geodora-parfums.com\/wp-content\/uploads\/2026\/08\/parfum-automne-2026-fragrance-rentree-1-768x429.jpg 768w, https:\/\/geodora-parfums.com\/wp-content\/uploads\/2026\/08\/parfum-automne-2026-fragrance-rentree-1-1536x857.jpg 1536w, https:\/\/geodora-parfums.com\/wp-content\/uploads\/2026\/08\/parfum-automne-2026-fragrance-rentree-1-2048x1143.jpg 1835w, https:\/\/geodora-parfums.com\/wp-content\/uploads\/2026\/08\/parfum-automne-2026-fragrance-rentree-1-600x335.jpg 600w, https:\/\/geodora-parfums.com\/wp-content\/uploads\/2026\/08\/parfum-automne-2026-fragrance-rentree-1-scaled.jpg 1834w\" sizes=\"(max-width: 1024px) 100vw, 1024px\" \/>\t\t\t\t\t\t\t\t\t\t\t\t\t\t\t<\/div>\n\t\t\t\t<\/div>\n\t\t\t\t<div class=\"elementor-element elementor-element-148486c7 elementor-widget elementor-widget-text-editor\" data-id=\"148486c7\" data-element_type=\"widget\" data-e-type=\"widget\" data-widget_type=\"text-editor.default\">\n\t\t\t\t<div class=\"elementor-widget-container\">\n\t\t\t\t\t\t\t\t\t<h2>Pourquoi changer de parfum \u00e0 l&#8217;automne ?<\/h2><p>Un parfum n&#8217;existe jamais seul : il dialogue avec la temp\u00e9rature, l&#8217;humidit\u00e9 de l&#8217;air et la chaleur de votre peau. En \u00e9t\u00e9, la chaleur amplifie la diffusion, les compositions l\u00e9g\u00e8res, hesp\u00e9rid\u00e9es ou marines suffisent \u00e0 laisser une trace lumineuse. Quand les temp\u00e9ratures baissent, cette \u00e9vaporation ralentit : les parfums trop a\u00e9riens deviennent presque muets, comme une voix qui porte moins dans l&#8217;air froid.<\/p><p>L&#8217;automne appelle donc des mati\u00e8res plus denses, qui n&#8217;ont pas besoin de la chaleur de juillet pour s&#8217;exprimer : bois, ambres, \u00e9pices, cuirs, baumes. C&#8217;est aussi une affaire d&#8217;accord avec la saison elle-m\u00eame, la laine remplace le lin, les soir\u00e9es s&#8217;allongent \u00e0 l&#8217;int\u00e9rieur, et le parfum devient ce v\u00eatement invisible que l&#8217;on choisit plus enveloppant.<\/p><p>Enfin, il y a le plaisir du rituel. Comme on ouvre un carnet neuf en septembre, changer de fragrance marque le passage. Beaucoup de nos clients composent ainsi leur \u00ab garde-robe olfactive \u00bb : un parfum d&#8217;\u00e9t\u00e9, un <strong>parfum d&#8217;automne<\/strong>, et le bonheur de les retrouver chaque ann\u00e9e comme de vieux amis.<\/p><h2>Les familles olfactives \u00e0 privil\u00e9gier pour un parfum d&#8217;automne<\/h2><h3>Les bois\u00e9s : la colonne vert\u00e9brale de la saison<\/h3><p>Santal cr\u00e9meux, c\u00e8dre sec, v\u00e9tiver fum\u00e9 : les bois donnent au <strong>parfum automne<\/strong> sa tenue et son \u00e9l\u00e9gance naturelle. Ils \u00e9voquent les for\u00eats apr\u00e8s la pluie, les biblioth\u00e8ques, les feux qui prennent. Un bois\u00e9 bien construit accompagne aussi bien un rendez-vous professionnel qu&#8217;une marche en for\u00eat le dimanche.<\/p><h3>Les ambr\u00e9s : la chaleur incarn\u00e9e<\/h3><p>L&#8217;ambre est \u00e0 l&#8217;automne ce que les agrumes sont \u00e0 l&#8217;\u00e9t\u00e9 : une \u00e9vidence. R\u00e9sines, baumes, vanilles sombres et labdanum composent des sillages enveloppants, presque tactiles, qui prolongent la sensation d&#8217;un pull en cachemire. C&#8217;est la famille id\u00e9ale pour les soir\u00e9es qui fra\u00eechissent.<\/p><h3>Les \u00e9pic\u00e9s : le relief et le caract\u00e8re<\/h3><p>Safran, cannelle, cardamome, poivre : les \u00e9pices r\u00e9chauffent une composition comme elles r\u00e9chauffent une cuisine. Elles apportent ce suppl\u00e9ment de personnalit\u00e9 qui fait qu&#8217;on vous demande, au d\u00e9tour d&#8217;une conversation : \u00ab qu&#8217;est-ce que vous portez ? \u00bb<\/p><h3>Les cuirs : pour les amateurs de signatures affirm\u00e9es<\/h3><p>Longtemps r\u00e9serv\u00e9 \u00e0 la parfumerie masculine, le cuir se porte aujourd&#8217;hui sans fronti\u00e8re. Souple, fum\u00e9 ou animal, il se patine sur la peau au fil des heures. Une mati\u00e8re vivante, parfaite pour la saison des vestes que l&#8217;on ressort.<\/p>\t\t\t\t\t\t\t\t<\/div>\n\t\t\t\t<\/div>\n\t\t\t\t<div class=\"elementor-element elementor-element-94cafc9e elementor-widget elementor-widget-text-editor\" data-id=\"94cafc9e\" data-element_type=\"widget\" data-e-type=\"widget\" data-widget_type=\"text-editor.default\">\n\t\t\t\t<div class=\"elementor-widget-container\">\n\t\t\t\t\t\t\t\t\t<h2>Nos parfums d&#8217;automne compos\u00e9s \u00e0 Grasse<\/h2><p>Chez GEODORA, chaque cr\u00e9ation na\u00eet dans notre atelier de <a href=\"https:\/\/geodora-parfums.com\/pourquoi-grasse-est-la-capitale-mondiale-du-parfum-et-le-restera\/\">Grasse, capitale mondiale du parfum<\/a>. Trois de nos fragrances prennent une dimension particuli\u00e8re quand vient l&#8217;automne.<\/p><p><a href=\"https:\/\/geodora-parfums.com\/produits\/parfum-cuir-flores\/\"><strong>Cuir Flor\u00e8s<\/strong><\/a> est notre cuir de caract\u00e8re : une mati\u00e8re apprivois\u00e9e patiemment, r\u00e9chauff\u00e9e d&#8217;\u00e9pices, qui ne se r\u00e9v\u00e8le vraiment qu&#8217;\u00e0 la deuxi\u00e8me heure de port. C&#8217;est le compagnon des carnets en cuir et des premi\u00e8res brumes.<\/p>\t\t\t\t\t\t\t\t<\/div>\n\t\t\t\t<\/div>\n\t\t\t\t<div class=\"elementor-element elementor-element-e0228e39 elementor-widget elementor-widget-text-editor\" data-id=\"e0228e39\" data-element_type=\"widget\" data-e-type=\"widget\" data-widget_type=\"text-editor.default\">\n\t\t\t\t<div class=\"elementor-widget-container\">\n\t\t\t\t\t\t\t\t\t<figure class=\"wp-block-image aligncenter\" style=\"max-width:420px;margin:1.5em auto;\"><a href=\"https:\/\/geodora-parfums.com\/produits\/parfum-cuir-flores\/\"><img decoding=\"async\" src=\"https:\/\/geodora-parfums.com\/wp-content\/uploads\/2021\/08\/CuirFlores-HD-print-scaled.jpg\" alt=\"Parfum Cuir Flor\u00e8s, GEODORA\" style=\"border-radius:6px;\"\/><\/a><figcaption style=\"text-align:center;\"><a href=\"https:\/\/geodora-parfums.com\/produits\/parfum-cuir-flores\/\">D\u00e9couvrir Parfum Cuir Flor\u00e8s \u2192<\/a><\/figcaption><\/figure>\t\t\t\t\t\t\t\t<\/div>\n\t\t\t\t<\/div>\n\t\t\t\t<div class=\"elementor-element elementor-element-3174f71b elementor-widget elementor-widget-text-editor\" data-id=\"3174f71b\" data-element_type=\"widget\" data-e-type=\"widget\" data-widget_type=\"text-editor.default\">\n\t\t\t\t<div class=\"elementor-widget-container\">\n\t\t\t\t\t\t\t\t\t<p><a href=\"https:\/\/geodora-parfums.com\/produits\/parfum-caravanserail\/\"><strong>Caravanserail<\/strong><\/a> vous emm\u00e8ne sur les routes de la soie : bois et \u00e9pices s&#8217;y m\u00ealent autour d&#8217;un ambre qui tient lieu de feu de camp. Un parfum de voyage immobile, pour celles et ceux qui veulent porter un r\u00e9cit.<\/p>\t\t\t\t\t\t\t\t<\/div>\n\t\t\t\t<\/div>\n\t\t\t\t<div class=\"elementor-element elementor-element-e00b36be elementor-widget elementor-widget-text-editor\" data-id=\"e00b36be\" data-element_type=\"widget\" data-e-type=\"widget\" data-widget_type=\"text-editor.default\">\n\t\t\t\t<div class=\"elementor-widget-container\">\n\t\t\t\t\t\t\t\t\t<figure class=\"wp-block-image aligncenter\" style=\"max-width:420px;margin:1.5em auto;\"><a href=\"https:\/\/geodora-parfums.com\/produits\/parfum-caravanserail\/\"><img decoding=\"async\" src=\"https:\/\/geodora-parfums.com\/wp-content\/uploads\/2021\/08\/GE-10-RECTO-120.jpg\" alt=\"Parfum Caravanserail, GEODORA\" style=\"border-radius:6px;\"\/><\/a><figcaption style=\"text-align:center;\"><a href=\"https:\/\/geodora-parfums.com\/produits\/parfum-caravanserail\/\">D\u00e9couvrir Parfum Caravanserail \u2192<\/a><\/figcaption><\/figure>\t\t\t\t\t\t\t\t<\/div>\n\t\t\t\t<\/div>\n\t\t\t\t<div class=\"elementor-element elementor-element-5d6f4b2c elementor-widget elementor-widget-text-editor\" data-id=\"5d6f4b2c\" data-element_type=\"widget\" data-e-type=\"widget\" data-widget_type=\"text-editor.default\">\n\t\t\t\t<div class=\"elementor-widget-container\">\n\t\t\t\t\t\t\t\t\t<p><a href=\"https:\/\/geodora-parfums.com\/produits\/parfum-baume-infusion\/\"><strong>Baume Infusion<\/strong><\/a>, enfin, est notre cr\u00e9ation la plus m\u00e9ditative : son infusion repose des semaines enti\u00e8res \u00e0 l&#8217;atelier avant d&#8217;atteindre sa profondeur baum\u00e9e. Le parfum des dimanches de novembre, du plaid et du livre qu&#8217;on ne l\u00e2che plus.<\/p>\t\t\t\t\t\t\t\t<\/div>\n\t\t\t\t<\/div>\n\t\t\t\t<div class=\"elementor-element elementor-element-122534ad elementor-widget elementor-widget-text-editor\" data-id=\"122534ad\" data-element_type=\"widget\" data-e-type=\"widget\" data-widget_type=\"text-editor.default\">\n\t\t\t\t<div class=\"elementor-widget-container\">\n\t\t\t\t\t\t\t\t\t<figure class=\"wp-block-image aligncenter\" style=\"max-width:420px;margin:1.5em auto;\"><a href=\"https:\/\/geodora-parfums.com\/produits\/parfum-baume-infusion\/\"><img decoding=\"async\" src=\"https:\/\/geodora-parfums.com\/wp-content\/uploads\/2021\/08\/BaumeInfusion-HD-print-scaled.jpg\" alt=\"Parfum Baume Infusion, GEODORA\" style=\"border-radius:6px;\"\/><\/a><figcaption style=\"text-align:center;\"><a href=\"https:\/\/geodora-parfums.com\/produits\/parfum-baume-infusion\/\">D\u00e9couvrir Parfum Baume Infusion \u2192<\/a><\/figcaption><\/figure>\t\t\t\t\t\t\t\t<\/div>\n\t\t\t\t<\/div>\n\t\t\t\t<div class=\"elementor-element elementor-element-1ec04b61 elementor-widget elementor-widget-text-editor\" data-id=\"1ec04b61\" data-element_type=\"widget\" data-e-type=\"widget\" data-widget_type=\"text-editor.default\">\n\t\t\t\t<div class=\"elementor-widget-container\">\n\t\t\t\t\t\t\t\t\t<p>Et si vous quittez l&#8217;\u00e9t\u00e9 \u00e0 regret, <a href=\"https:\/\/geodora-parfums.com\/produits\/parfum-savannah-bay-2\/\"><strong>Savannah Bay<\/strong><\/a> fait un magnifique pont entre les deux saisons : sa chaleur dor\u00e9e s&#8217;accorde aussi bien \u00e0 septembre qu&#8217;aux derniers jours d&#8217;ao\u00fbt.<\/p>\t\t\t\t\t\t\t\t<\/div>\n\t\t\t\t<\/div>\n\t\t\t\t<div class=\"elementor-element elementor-element-ac958e9b elementor-widget elementor-widget-text-editor\" data-id=\"ac958e9b\" data-element_type=\"widget\" data-e-type=\"widget\" data-widget_type=\"text-editor.default\">\n\t\t\t\t<div class=\"elementor-widget-container\">\n\t\t\t\t\t\t\t\t\t<figure class=\"wp-block-image aligncenter\" style=\"max-width:420px;margin:1.5em auto;\"><a href=\"https:\/\/geodora-parfums.com\/produits\/parfum-savannah-bay-2\/\"><img decoding=\"async\" src=\"https:\/\/geodora-parfums.com\/wp-content\/uploads\/2025\/08\/IMG_4941-scaled.jpeg\" alt=\"Parfum Savannah Bay, GEODORA\" style=\"border-radius:6px;\"\/><\/a><figcaption style=\"text-align:center;\"><a href=\"https:\/\/geodora-parfums.com\/produits\/parfum-savannah-bay-2\/\">D\u00e9couvrir Parfum Savannah Bay \u2192<\/a><\/figcaption><\/figure>\t\t\t\t\t\t\t\t<\/div>\n\t\t\t\t<\/div>\n\t\t\t\t<div class=\"elementor-element elementor-element-ce88ef09 elementor-widget elementor-widget-image\" data-id=\"ce88ef09\" data-element_type=\"widget\" data-e-type=\"widget\" data-widget_type=\"image.default\">\n\t\t\t\t<div class=\"elementor-widget-container\">\n\t\t\t\t\t\t\t\t\t\t\t\t\t\t\t<img decoding=\"async\" width=\"1024\" height=\"572\" src=\"https:\/\/geodora-parfums.com\/wp-content\/uploads\/2026\/08\/parfum-automne-2026-fragrance-rentree-2-1024x572.jpg\" class=\"attachment-large size-large wp-image-14398\" alt=\"Parfum ambr\u00e9 Caravanserail GEODORA entour\u00e9 d&apos;\u00e9pices\" srcset=\"https:\/\/geodora-parfums.com\/wp-content\/uploads\/2026\/08\/parfum-automne-2026-fragrance-rentree-2-1024x572.jpg 1024w, https:\/\/geodora-parfums.com\/wp-content\/uploads\/2026\/08\/parfum-automne-2026-fragrance-rentree-2-300x167.jpg 300w, https:\/\/geodora-parfums.com\/wp-content\/uploads\/2026\/08\/parfum-automne-2026-fragrance-rentree-2-768x429.jpg 768w, https:\/\/geodora-parfums.com\/wp-content\/uploads\/2026\/08\/parfum-automne-2026-fragrance-rentree-2-1536x857.jpg 1536w, https:\/\/geodora-parfums.com\/wp-content\/uploads\/2026\/08\/parfum-automne-2026-fragrance-rentree-2-2048x1143.jpg 1835w, https:\/\/geodora-parfums.com\/wp-content\/uploads\/2026\/08\/parfum-automne-2026-fragrance-rentree-2-600x335.jpg 600w, https:\/\/geodora-parfums.com\/wp-content\/uploads\/2026\/08\/parfum-automne-2026-fragrance-rentree-2-scaled.jpg 1834w\" sizes=\"(max-width: 1024px) 100vw, 1024px\" \/>\t\t\t\t\t\t\t\t\t\t\t\t\t\t\t<\/div>\n\t\t\t\t<\/div>\n\t\t\t\t<div class=\"elementor-element elementor-element-5db89417 elementor-widget elementor-widget-text-editor\" data-id=\"5db89417\" data-element_type=\"widget\" data-e-type=\"widget\" data-widget_type=\"text-editor.default\">\n\t\t\t\t<div class=\"elementor-widget-container\">\n\t\t\t\t\t\t\t\t\t<h2>R\u00e9ussir la transition : trois conseils de parfumeur<\/h2><p><strong>Ne changez pas tout d&#8217;un coup.<\/strong> Septembre est un mois de bascule : alternez votre fragrance d&#8217;\u00e9t\u00e9 en journ\u00e9e et une composition plus profonde le soir. Votre nez fera naturellement la transition en quelques semaines.<\/p><p><strong>Testez sur peau, par temps frais.<\/strong> Un parfum d&#8217;automne s&#8217;\u00e9value dans les conditions o\u00f9 il vivra : essayez-le en fin de journ\u00e9e, laissez-le \u00e9voluer deux heures. Les mati\u00e8res denses, cuirs, ambres, baumes, ne montrent leur vraie nature qu&#8217;avec le temps.<\/p><p><strong>Explorez avant d&#8217;adopter.<\/strong> Notre <a href=\"https:\/\/geodora-parfums.com\/produits\/coffret-decouverte-les-eaux-libres\/\">coffret d\u00e9couverte<\/a> permet d&#8217;essayer plusieurs cr\u00e9ations sur plusieurs jours : la seule m\u00e9thode fiable pour trouver la fragrance qui vous ressemble. Et pour aller plus loin, notre <a href=\"https:\/\/geodora-parfums.com\/produits\/atelier-du-parfum\/\">atelier de cr\u00e9ation de parfum \u00e0 Grasse<\/a> vous apprend \u00e0 composer la v\u00f4tre, du mardi au vendredi, au c\u0153ur de la boutique.<\/p>\t\t\t\t\t\t\t\t<\/div>\n\t\t\t\t<\/div>\n\t\t\t\t<div class=\"elementor-element elementor-element-c8b2dbfc elementor-widget elementor-widget-text-editor\" data-id=\"c8b2dbfc\" data-element_type=\"widget\" data-e-type=\"widget\" data-widget_type=\"text-editor.default\">\n\t\t\t\t<div class=\"elementor-widget-container\">\n\t\t\t\t\t\t\t\t\t<figure class=\"wp-block-image aligncenter\" style=\"max-width:420px;margin:1.5em auto;\"><a href=\"https:\/\/geodora-parfums.com\/produits\/coffret-decouverte-les-eaux-libres\/\"><img decoding=\"async\" src=\"https:\/\/geodora-parfums.com\/wp-content\/uploads\/2021\/11\/IMG_20211130_164635.jpg\" alt=\"Coffret d\u00e9couverte - Les Eaux Libres, GEODORA\" style=\"border-radius:6px;\"\/><\/a><figcaption style=\"text-align:center;\"><a href=\"https:\/\/geodora-parfums.com\/produits\/coffret-decouverte-les-eaux-libres\/\">D\u00e9couvrir Coffret d\u00e9couverte &#8211; Les Eaux Libres \u2192<\/a><\/figcaption><\/figure>\t\t\t\t\t\t\t\t<\/div>\n\t\t\t\t<\/div>\n\t\t\t\t<div class=\"elementor-element elementor-element-eb4c630f elementor-widget elementor-widget-image\" data-id=\"eb4c630f\" data-element_type=\"widget\" data-e-type=\"widget\" data-widget_type=\"image.default\">\n\t\t\t\t<div class=\"elementor-widget-container\">\n\t\t\t\t\t\t\t\t\t\t\t\t\t\t\t<img decoding=\"async\" width=\"1024\" height=\"572\" src=\"https:\/\/geodora-parfums.com\/wp-content\/uploads\/2026\/08\/parfum-automne-2026-fragrance-rentree-3-1024x572.jpg\" class=\"attachment-large size-large wp-image-14400\" alt=\"Parfum Baume Infusion GEODORA dans une ambiance cocooning d&apos;automne\" srcset=\"https:\/\/geodora-parfums.com\/wp-content\/uploads\/2026\/08\/parfum-automne-2026-fragrance-rentree-3-1024x572.jpg 1024w, https:\/\/geodora-parfums.com\/wp-content\/uploads\/2026\/08\/parfum-automne-2026-fragrance-rentree-3-300x167.jpg 300w, https:\/\/geodora-parfums.com\/wp-content\/uploads\/2026\/08\/parfum-automne-2026-fragrance-rentree-3-768x429.jpg 768w, https:\/\/geodora-parfums.com\/wp-content\/uploads\/2026\/08\/parfum-automne-2026-fragrance-rentree-3-1536x857.jpg 1536w, https:\/\/geodora-parfums.com\/wp-content\/uploads\/2026\/08\/parfum-automne-2026-fragrance-rentree-3-2048x1143.jpg 1835w, https:\/\/geodora-parfums.com\/wp-content\/uploads\/2026\/08\/parfum-automne-2026-fragrance-rentree-3-600x335.jpg 600w, https:\/\/geodora-parfums.com\/wp-content\/uploads\/2026\/08\/parfum-automne-2026-fragrance-rentree-3-scaled.jpg 1834w\" sizes=\"(max-width: 1024px) 100vw, 1024px\" \/>\t\t\t\t\t\t\t\t\t\t\t\t\t\t\t<\/div>\n\t\t\t\t<\/div>\n\t\t\t\t<div class=\"elementor-element elementor-element-d50ed54c elementor-widget elementor-widget-text-editor\" data-id=\"d50ed54c\" data-element_type=\"widget\" data-e-type=\"widget\" data-widget_type=\"text-editor.default\">\n\t\t\t\t<div class=\"elementor-widget-container\">\n\t\t\t\t\t\t\t\t\t<h2>Le mot de la fin<\/h2><p>Un bon <strong>parfum d&#8217;automne<\/strong> ne se contente pas de sentir bon : il accompagne le changement de saison comme une bande originale accompagne un film. Bois\u00e9s, ambr\u00e9s, \u00e9pic\u00e9s ou cuir\u00e9s, l&#8217;essentiel est qu&#8217;il raconte quelque chose de vous. Et si l&#8217;\u00e9t\u00e9 vous manque d\u00e9j\u00e0, notre s\u00e9lection de <a href=\"https:\/\/geodora-parfums.com\/parfum-ete-2026-fragrances-solaires-grasse\/\">parfums d&#8217;\u00e9t\u00e9 2026<\/a> reste \u00e0 port\u00e9e de main : \u00e0 Grasse, on ne croit pas aux saisons qui s&#8217;excluent, seulement aux histoires qui se r\u00e9pondent.<\/p>\t\t\t\t\t\t\t\t<\/div>\n\t\t\t\t<\/div>\n\t\t\t\t\t<\/div>\n\t\t<\/div>\n\t\t\t\t\t<\/div>\n\t\t<\/section>\n\t\t\t\t<\/div>\n\t\t","protected":false},"excerpt":{"rendered":"<p>Comment choisir son parfum d&#8217;automne 2026 ? Guide de la transition olfactive : familles bois\u00e9es, ambr\u00e9es et \u00e9pic\u00e9es, et nos cr\u00e9ations compos\u00e9es \u00e0 Grasse.<\/p>\n","protected":false},"author":26,"featured_media":14396,"comment_status":"closed","ping_status":"closed","sticky":false,"template":"","format":"standard","meta":{"_acf_changed":false,"footnotes":"","_members_access_role":[],"_members_access_error":""},"categories":[52],"tags":[],"class_list":["post-14402","post","type-post","status-publish","format-standard","has-post-thumbnail","hentry","category-actualites"],"acf":[],"yoast_head":"<!-- This site is optimized with the Yoast SEO plugin v28.4 - https:\/\/yoast.com\/product\/yoast-seo-wordpress\/ -->\n<title>Parfum d&#039;automne 2026 : bien choisir sa fragrance de rentr\u00e9e<\/title>\n<meta name=\"description\" content=\"Comment choisir son parfum d&#039;automne 2026 ? Guide de la transition olfactive : familles bois\u00e9es, ambr\u00e9es et \u00e9pic\u00e9es, et nos cr\u00e9ations compos\u00e9es \u00e0 Grasse.\" \/>\n<meta name=\"robots\" content=\"index, follow, max-snippet:-1, max-image-preview:large, max-video-preview:-1\" \/>\n<link rel=\"canonical\" href=\"https:\/\/geodora-parfums.com\/en\/parfum-automne-2026-fragrance-rentree\/\" \/>\n<meta property=\"og:locale\" content=\"en_US\" \/>\n<meta property=\"og:type\" content=\"article\" \/>\n<meta property=\"og:title\" content=\"Parfum d&#039;automne 2026 : bien choisir sa fragrance de rentr\u00e9e\" \/>\n<meta property=\"og:description\" content=\"Comment choisir son parfum d&#039;automne 2026 ? Guide de la transition olfactive : familles bois\u00e9es, ambr\u00e9es et \u00e9pic\u00e9es, et nos cr\u00e9ations compos\u00e9es \u00e0 Grasse.\" \/>\n<meta property=\"og:url\" content=\"https:\/\/geodora-parfums.com\/en\/parfum-automne-2026-fragrance-rentree\/\" \/>\n<meta property=\"og:site_name\" content=\"Geodora\" \/>\n<meta property=\"article:published_time\" content=\"2026-08-31T07:00:00+00:00\" \/>\n<meta property=\"og:image\" content=\"https:\/\/geodora-parfums.com\/wp-content\/uploads\/2026\/08\/parfum-automne-2026-fragrance-rentree-1-scaled.jpg\" \/>\n\t<meta property=\"og:image:width\" content=\"1834\" \/>\n\t<meta property=\"og:image:height\" content=\"1024\" \/>\n\t<meta property=\"og:image:type\" content=\"image\/jpeg\" \/>\n<meta name=\"author\" content=\"G\u00e9rard Gatti\" \/>\n<meta name=\"twitter:card\" content=\"summary_large_image\" \/>\n<meta name=\"twitter:label1\" content=\"Written by\" \/>\n\t<meta name=\"twitter:data1\" content=\"G\u00e9rard Gatti\" \/>\n\t<meta name=\"twitter:label2\" content=\"Est. reading time\" \/>\n\t<meta name=\"twitter:data2\" content=\"4 minutes\" \/>\n<script type=\"application\/ld+json\" class=\"yoast-schema-graph\">{\"@context\":\"https:\\\/\\\/schema.org\",\"@graph\":[{\"@type\":\"Article\",\"@id\":\"https:\\\/\\\/geodora-parfums.com\\\/en\\\/parfum-automne-2026-fragrance-rentree\\\/#article\",\"isPartOf\":{\"@id\":\"https:\\\/\\\/geodora-parfums.com\\\/en\\\/parfum-automne-2026-fragrance-rentree\\\/\"},\"author\":{\"name\":\"G\u00e9rard Gatti\",\"@id\":\"https:\\\/\\\/geodora-parfums.com\\\/en\\\/#\\\/schema\\\/person\\\/6c20947b8b0a9dce51244927f56fb120\"},\"headline\":\"Parfum d&#8217;automne 2026 : choisir sa fragrance de rentr\u00e9e\",\"datePublished\":\"2026-08-31T07:00:00+00:00\",\"mainEntityOfPage\":{\"@id\":\"https:\\\/\\\/geodora-parfums.com\\\/en\\\/parfum-automne-2026-fragrance-rentree\\\/\"},\"wordCount\":963,\"publisher\":{\"@id\":\"https:\\\/\\\/geodora-parfums.com\\\/en\\\/#organization\"},\"image\":{\"@id\":\"https:\\\/\\\/geodora-parfums.com\\\/en\\\/parfum-automne-2026-fragrance-rentree\\\/#primaryimage\"},\"thumbnailUrl\":\"https:\\\/\\\/geodora-parfums.com\\\/wp-content\\\/uploads\\\/2026\\\/08\\\/parfum-automne-2026-fragrance-rentree-1-scaled.jpg\",\"articleSection\":[\"Actualit\u00e9s\"],\"inLanguage\":\"en-US\"},{\"@type\":\"WebPage\",\"@id\":\"https:\\\/\\\/geodora-parfums.com\\\/en\\\/parfum-automne-2026-fragrance-rentree\\\/\",\"url\":\"https:\\\/\\\/geodora-parfums.com\\\/en\\\/parfum-automne-2026-fragrance-rentree\\\/\",\"name\":\"Parfum d'automne 2026 : bien choisir sa fragrance de rentr\u00e9e\",\"isPartOf\":{\"@id\":\"https:\\\/\\\/geodora-parfums.com\\\/en\\\/#website\"},\"primaryImageOfPage\":{\"@id\":\"https:\\\/\\\/geodora-parfums.com\\\/en\\\/parfum-automne-2026-fragrance-rentree\\\/#primaryimage\"},\"image\":{\"@id\":\"https:\\\/\\\/geodora-parfums.com\\\/en\\\/parfum-automne-2026-fragrance-rentree\\\/#primaryimage\"},\"thumbnailUrl\":\"https:\\\/\\\/geodora-parfums.com\\\/wp-content\\\/uploads\\\/2026\\\/08\\\/parfum-automne-2026-fragrance-rentree-1-scaled.jpg\",\"datePublished\":\"2026-08-31T07:00:00+00:00\",\"description\":\"Comment choisir son parfum d'automne 2026 ? Guide de la transition olfactive : familles bois\u00e9es, ambr\u00e9es et \u00e9pic\u00e9es, et nos cr\u00e9ations compos\u00e9es \u00e0 Grasse.\",\"breadcrumb\":{\"@id\":\"https:\\\/\\\/geodora-parfums.com\\\/en\\\/parfum-automne-2026-fragrance-rentree\\\/#breadcrumb\"},\"inLanguage\":\"en-US\",\"potentialAction\":[{\"@type\":\"ReadAction\",\"target\":[\"https:\\\/\\\/geodora-parfums.com\\\/en\\\/parfum-automne-2026-fragrance-rentree\\\/\"]}]},{\"@type\":\"ImageObject\",\"inLanguage\":\"en-US\",\"@id\":\"https:\\\/\\\/geodora-parfums.com\\\/en\\\/parfum-automne-2026-fragrance-rentree\\\/#primaryimage\",\"url\":\"https:\\\/\\\/geodora-parfums.com\\\/wp-content\\\/uploads\\\/2026\\\/08\\\/parfum-automne-2026-fragrance-rentree-1-scaled.jpg\",\"contentUrl\":\"https:\\\/\\\/geodora-parfums.com\\\/wp-content\\\/uploads\\\/2026\\\/08\\\/parfum-automne-2026-fragrance-rentree-1-scaled.jpg\",\"width\":1834,\"height\":1024,\"caption\":\"Parfum d'automne Cuir Flor\u00e8s GEODORA pos\u00e9 sur une veste en cuir\"},{\"@type\":\"BreadcrumbList\",\"@id\":\"https:\\\/\\\/geodora-parfums.com\\\/en\\\/parfum-automne-2026-fragrance-rentree\\\/#breadcrumb\",\"itemListElement\":[{\"@type\":\"ListItem\",\"position\":1,\"name\":\"Accueil\",\"item\":\"https:\\\/\\\/geodora-parfums.com\\\/en\\\/\"},{\"@type\":\"ListItem\",\"position\":2,\"name\":\"News\",\"item\":\"https:\\\/\\\/geodora-parfums.com\\\/en\\\/category\\\/news\\\/\"},{\"@type\":\"ListItem\",\"position\":3,\"name\":\"Parfum d&rsquo;automne 2026 : choisir sa fragrance de rentr\u00e9e\"}]},{\"@type\":\"WebSite\",\"@id\":\"https:\\\/\\\/geodora-parfums.com\\\/en\\\/#website\",\"url\":\"https:\\\/\\\/geodora-parfums.com\\\/en\\\/\",\"name\":\"Geodora\",\"description\":\"Parfumeur en provence\",\"publisher\":{\"@id\":\"https:\\\/\\\/geodora-parfums.com\\\/en\\\/#organization\"},\"potentialAction\":[{\"@type\":\"SearchAction\",\"target\":{\"@type\":\"EntryPoint\",\"urlTemplate\":\"https:\\\/\\\/geodora-parfums.com\\\/en\\\/?s={search_term_string}\"},\"query-input\":{\"@type\":\"PropertyValueSpecification\",\"valueRequired\":true,\"valueName\":\"search_term_string\"}}],\"inLanguage\":\"en-US\"},{\"@type\":\"Organization\",\"@id\":\"https:\\\/\\\/geodora-parfums.com\\\/en\\\/#organization\",\"name\":\"GEODORA Parfums\",\"url\":\"https:\\\/\\\/geodora-parfums.com\\\/en\\\/\",\"logo\":{\"@type\":\"ImageObject\",\"inLanguage\":\"en-US\",\"@id\":\"https:\\\/\\\/geodora-parfums.com\\\/en\\\/#\\\/schema\\\/logo\\\/image\\\/\",\"url\":\"https:\\\/\\\/geodora-parfums.com\\\/wp-content\\\/uploads\\\/2021\\\/09\\\/logo.png\",\"contentUrl\":\"https:\\\/\\\/geodora-parfums.com\\\/wp-content\\\/uploads\\\/2021\\\/09\\\/logo.png\",\"width\":1084,\"height\":1084,\"caption\":\"GEODORA Parfums\"},\"image\":{\"@id\":\"https:\\\/\\\/geodora-parfums.com\\\/en\\\/#\\\/schema\\\/logo\\\/image\\\/\"},\"sameAs\":[\"https:\\\/\\\/www.instagram.com\\\/geodoraparfums\\\/?hl=fr\",\"https:\\\/\\\/www.linkedin.com\\\/company\\\/geodora-parfums\\\/\"]},{\"@type\":\"Person\",\"@id\":\"https:\\\/\\\/geodora-parfums.com\\\/en\\\/#\\\/schema\\\/person\\\/6c20947b8b0a9dce51244927f56fb120\",\"name\":\"G\u00e9rard Gatti\",\"sameAs\":[\"https:\\\/\\\/geodora-parfums.com\\\/\"]}]}<\/script>\n<!-- \/ Yoast SEO plugin. -->","yoast_head_json":{"title":"Parfum d'automne 2026 : bien choisir sa fragrance de rentr\u00e9e","description":"Comment choisir son parfum d'automne 2026 ? Guide de la transition olfactive : familles bois\u00e9es, ambr\u00e9es et \u00e9pic\u00e9es, et nos cr\u00e9ations compos\u00e9es \u00e0 Grasse.","robots":{"index":"index","follow":"follow","max-snippet":"max-snippet:-1","max-image-preview":"max-image-preview:large","max-video-preview":"max-video-preview:-1"},"canonical":"https:\/\/geodora-parfums.com\/en\/parfum-automne-2026-fragrance-rentree\/","og_locale":"en_US","og_type":"article","og_title":"Parfum d'automne 2026 : bien choisir sa fragrance de rentr\u00e9e","og_description":"Comment choisir son parfum d'automne 2026 ? Guide de la transition olfactive : familles bois\u00e9es, ambr\u00e9es et \u00e9pic\u00e9es, et nos cr\u00e9ations compos\u00e9es \u00e0 Grasse.","og_url":"https:\/\/geodora-parfums.com\/en\/parfum-automne-2026-fragrance-rentree\/","og_site_name":"Geodora","article_published_time":"2026-08-31T07:00:00+00:00","og_image":[{"width":1834,"height":1024,"url":"https:\/\/geodora-parfums.com\/wp-content\/uploads\/2026\/08\/parfum-automne-2026-fragrance-rentree-1-scaled.jpg","type":"image\/jpeg"}],"author":"G\u00e9rard Gatti","twitter_card":"summary_large_image","twitter_misc":{"Written by":"G\u00e9rard Gatti","Est. reading time":"4 minutes"},"schema":{"@context":"https:\/\/schema.org","@graph":[{"@type":"Article","@id":"https:\/\/geodora-parfums.com\/en\/parfum-automne-2026-fragrance-rentree\/#article","isPartOf":{"@id":"https:\/\/geodora-parfums.com\/en\/parfum-automne-2026-fragrance-rentree\/"},"author":{"name":"G\u00e9rard Gatti","@id":"https:\/\/geodora-parfums.com\/en\/#\/schema\/person\/6c20947b8b0a9dce51244927f56fb120"},"headline":"Parfum d&#8217;automne 2026 : choisir sa fragrance de rentr\u00e9e","datePublished":"2026-08-31T07:00:00+00:00","mainEntityOfPage":{"@id":"https:\/\/geodora-parfums.com\/en\/parfum-automne-2026-fragrance-rentree\/"},"wordCount":963,"publisher":{"@id":"https:\/\/geodora-parfums.com\/en\/#organization"},"image":{"@id":"https:\/\/geodora-parfums.com\/en\/parfum-automne-2026-fragrance-rentree\/#primaryimage"},"thumbnailUrl":"https:\/\/geodora-parfums.com\/wp-content\/uploads\/2026\/08\/parfum-automne-2026-fragrance-rentree-1-scaled.jpg","articleSection":["Actualit\u00e9s"],"inLanguage":"en-US"},{"@type":"WebPage","@id":"https:\/\/geodora-parfums.com\/en\/parfum-automne-2026-fragrance-rentree\/","url":"https:\/\/geodora-parfums.com\/en\/parfum-automne-2026-fragrance-rentree\/","name":"Parfum d'automne 2026 : bien choisir sa fragrance de rentr\u00e9e","isPartOf":{"@id":"https:\/\/geodora-parfums.com\/en\/#website"},"primaryImageOfPage":{"@id":"https:\/\/geodora-parfums.com\/en\/parfum-automne-2026-fragrance-rentree\/#primaryimage"},"image":{"@id":"https:\/\/geodora-parfums.com\/en\/parfum-automne-2026-fragrance-rentree\/#primaryimage"},"thumbnailUrl":"https:\/\/geodora-parfums.com\/wp-content\/uploads\/2026\/08\/parfum-automne-2026-fragrance-rentree-1-scaled.jpg","datePublished":"2026-08-31T07:00:00+00:00","description":"Comment choisir son parfum d'automne 2026 ? Guide de la transition olfactive : familles bois\u00e9es, ambr\u00e9es et \u00e9pic\u00e9es, et nos cr\u00e9ations compos\u00e9es \u00e0 Grasse.","breadcrumb":{"@id":"https:\/\/geodora-parfums.com\/en\/parfum-automne-2026-fragrance-rentree\/#breadcrumb"},"inLanguage":"en-US","potentialAction":[{"@type":"ReadAction","target":["https:\/\/geodora-parfums.com\/en\/parfum-automne-2026-fragrance-rentree\/"]}]},{"@type":"ImageObject","inLanguage":"en-US","@id":"https:\/\/geodora-parfums.com\/en\/parfum-automne-2026-fragrance-rentree\/#primaryimage","url":"https:\/\/geodora-parfums.com\/wp-content\/uploads\/2026\/08\/parfum-automne-2026-fragrance-rentree-1-scaled.jpg","contentUrl":"https:\/\/geodora-parfums.com\/wp-content\/uploads\/2026\/08\/parfum-automne-2026-fragrance-rentree-1-scaled.jpg","width":1834,"height":1024,"caption":"Parfum d'automne Cuir Flor\u00e8s GEODORA pos\u00e9 sur une veste en cuir"},{"@type":"BreadcrumbList","@id":"https:\/\/geodora-parfums.com\/en\/parfum-automne-2026-fragrance-rentree\/#breadcrumb","itemListElement":[{"@type":"ListItem","position":1,"name":"Accueil","item":"https:\/\/geodora-parfums.com\/en\/"},{"@type":"ListItem","position":2,"name":"News","item":"https:\/\/geodora-parfums.com\/en\/category\/news\/"},{"@type":"ListItem","position":3,"name":"Parfum d&rsquo;automne 2026 : choisir sa fragrance de rentr\u00e9e"}]},{"@type":"WebSite","@id":"https:\/\/geodora-parfums.com\/en\/#website","url":"https:\/\/geodora-parfums.com\/en\/","name":"Geodora","description":"Parfumeur en provence","publisher":{"@id":"https:\/\/geodora-parfums.com\/en\/#organization"},"potentialAction":[{"@type":"SearchAction","target":{"@type":"EntryPoint","urlTemplate":"https:\/\/geodora-parfums.com\/en\/?s={search_term_string}"},"query-input":{"@type":"PropertyValueSpecification","valueRequired":true,"valueName":"search_term_string"}}],"inLanguage":"en-US"},{"@type":"Organization","@id":"https:\/\/geodora-parfums.com\/en\/#organization","name":"GEODORA Parfums","url":"https:\/\/geodora-parfums.com\/en\/","logo":{"@type":"ImageObject","inLanguage":"en-US","@id":"https:\/\/geodora-parfums.com\/en\/#\/schema\/logo\/image\/","url":"https:\/\/geodora-parfums.com\/wp-content\/uploads\/2021\/09\/logo.png","contentUrl":"https:\/\/geodora-parfums.com\/wp-content\/uploads\/2021\/09\/logo.png","width":1084,"height":1084,"caption":"GEODORA Parfums"},"image":{"@id":"https:\/\/geodora-parfums.com\/en\/#\/schema\/logo\/image\/"},"sameAs":["https:\/\/www.instagram.com\/geodoraparfums\/?hl=fr","https:\/\/www.linkedin.com\/company\/geodora-parfums\/"]},{"@type":"Person","@id":"https:\/\/geodora-parfums.com\/en\/#\/schema\/person\/6c20947b8b0a9dce51244927f56fb120","name":"G\u00e9rard Gatti","sameAs":["https:\/\/geodora-parfums.com\/"]}]}},"_links":{"self":[{"href":"https:\/\/geodora-parfums.com\/en\/wp-json\/wp\/v2\/posts\/14402","targetHints":{"allow":["GET"]}}],"collection":[{"href":"https:\/\/geodora-parfums.com\/en\/wp-json\/wp\/v2\/posts"}],"about":[{"href":"https:\/\/geodora-parfums.com\/en\/wp-json\/wp\/v2\/types\/post"}],"author":[{"embeddable":true,"href":"https:\/\/geodora-parfums.com\/en\/wp-json\/wp\/v2\/users\/26"}],"replies":[{"embeddable":true,"href":"https:\/\/geodora-parfums.com\/en\/wp-json\/wp\/v2\/comments?post=14402"}],"version-history":[{"count":2,"href":"https:\/\/geodora-parfums.com\/en\/wp-json\/wp\/v2\/posts\/14402\/revisions"}],"predecessor-version":[{"id":14488,"href":"https:\/\/geodora-parfums.com\/en\/wp-json\/wp\/v2\/posts\/14402\/revisions\/14488"}],"wp:featuredmedia":[{"embeddable":true,"href":"https:\/\/geodora-parfums.com\/en\/wp-json\/wp\/v2\/media\/14396"}],"wp:attachment":[{"href":"https:\/\/geodora-parfums.com\/en\/wp-json\/wp\/v2\/media?parent=14402"}],"wp:term":[{"taxonomy":"category","embeddable":true,"href":"https:\/\/geodora-parfums.com\/en\/wp-json\/wp\/v2\/categories?post=14402"},{"taxonomy":"post_tag","embeddable":true,"href":"https:\/\/geodora-parfums.com\/en\/wp-json\/wp\/v2\/tags?post=14402"}],"curies":[{"name":"wp","href":"https:\/\/api.w.org\/{rel}","templated":true}]}}